{"id":7987,"date":"2026-09-06T16:40:10","date_gmt":"2026-09-06T16:40:10","guid":{"rendered":"https:\/\/www.anders-blog.de\/?p=7987"},"modified":"2026-09-06T16:42:38","modified_gmt":"2026-09-06T16:42:38","slug":"geh-dichte","status":"publish","type":"post","link":"https:\/\/www.anders-blog.de\/?p=7987","title":{"rendered":"Geh, dichte!"},"content":{"rendered":"\n<p>Ich nehme den gestrigen Tag zum Anlass, mal wieder meine Korrespondenz mit der Welt aufzunehmen, hier, in meinem virtuellen Panic Room.<\/p>\n\n\n\n<p>Ich durfte gestern einen kleinen Beitrag leisten, auf einer neuen Leseb\u00fchne namens Flying Poetry &#8211; im Wohl oder \u00dcbel. Es war klein, voll, warm, gem\u00fctlich. Hosts waren Ayna Steigerwald und Cenk Bekdemir, und dieses Format war wirklich &#8211; ich glaube f\u00fcr alle, die da waren &#8211; ein kleiner Lichtblick in dunklen Zeiten; die Wahl heute in Sachsen-Anhalt, von der ich in dieser Sekunde noch nicht wei\u00df, wie sie gelaufen ist, die weltweiten Konflikte, Futterkrise, Klimachaos &#8230; auf der anderen Seite habe ich gestern auch noch gedacht, dass man so eine Veranstaltung mit so vielen Menschen auf so wenig Raum vor ein paar Jahren gar nicht h\u00e4tte machen k\u00f6nnen. Deshalb: Licht. Es sind diese Veranstaltungen, die Hoffnung machen, einem den Glauben an eine bessere Welt zur\u00fcckgeben. So pathetisch das klingt.<\/p>\n\n\n\n<figure class=\"wp-block-image size-large\"><a href=\"https:\/\/www.anders-blog.de\/wp-content\/uploads\/2026\/09\/lesungfp_1.jpg\"><img loading=\"lazy\" decoding=\"async\" width=\"768\" height=\"1024\" src=\"https:\/\/www.anders-blog.de\/wp-content\/uploads\/2026\/09\/lesungfp_1-768x1024.jpg\" alt=\"\" class=\"wp-image-7990\" srcset=\"https:\/\/www.anders-blog.de\/wp-content\/uploads\/2026\/09\/lesungfp_1-768x1024.jpg 768w, https:\/\/www.anders-blog.de\/wp-content\/uploads\/2026\/09\/lesungfp_1-225x300.jpg 225w, https:\/\/www.anders-blog.de\/wp-content\/uploads\/2026\/09\/lesungfp_1-1152x1536.jpg 1152w, https:\/\/www.anders-blog.de\/wp-content\/uploads\/2026\/09\/lesungfp_1.jpg 1200w\" sizes=\"auto, (max-width: 768px) 100vw, 768px\" \/><\/a><\/figure>\n\n\n\n<p><br>Jedenfalls hat mir riesigen Spa\u00df gemacht, mal wieder kurze Texte bzw. Gedichte vorzulesen. <em>\u00dcberhaupt<\/em> mal wieder in so einem Rahmen zu lesen. Ich bin ja nicht so der Netzwerker, ich kriege das einfach nicht hin, Veranstalter*Innen anzuschreiben, mich ins Gespr\u00e4ch zu bringen, in die Szene einzutauchen ;-) Dabei funktioniert es ja immer gut und ich komme immer gerne, wenn es geht.<\/p>\n\n\n\n<p>Abgesehen davon, dass es IMMER so ist, dass man auch andere Autor*Innen trifft, die sich tolle Gedanken machen, die richtigen Worte finden, coole Sachen machen, Stimmungen erzeugen. Gestern wurden Texte in u.a. Polnisch, T\u00fcrkisch, Franz\u00f6sisch, Ukrainisch, Japanisch, Englisch und Jiddisch vorgelesen, das ist doch der helle Wahnsinn.<br><br>Ich war diesmal &#8211; zumindest auf der B\u00fchne &#8211; der \u00c4lteste. Das hat auch Vorteile. Ich war so ruhig, und es hat mich so ber\u00fchrt, wie die jungen Menschen um mich herum alle versuchen, ihr Leben zu meistern. Es ist manchmal f\u00fcr mich unvorstellbar, wenn ich dar\u00fcber nachdenke, was diese jungen Leute noch vor sich haben. Ich wei\u00df, das klingt beh\u00e4mmert, und es trifft mich nat\u00fcrlich auch bei unseren S\u00f6hnen oder bei der Arbeit, aber auch gestern wieder, und ich merke dann, wie mich so ein fast unverh\u00e4ltnism\u00e4\u00dfig gro\u00dfes Mitgef\u00fchl \u00fcberkommt, wenn ich bedenke, wieviele offene Fragen die noch vor sich haben &#8211; aber zum Teil eben auch schon bemerkenswerte Antworten gefunden.<\/p>\n\n\n\n<figure class=\"wp-block-image size-large\"><a href=\"https:\/\/www.anders-blog.de\/wp-content\/uploads\/2026\/09\/IMG_1444-scaled-e1788712752320.jpg\"><img loading=\"lazy\" decoding=\"async\" width=\"966\" height=\"1024\" src=\"https:\/\/www.anders-blog.de\/wp-content\/uploads\/2026\/09\/IMG_1444-scaled-e1788712752320-966x1024.jpg\" alt=\"\" class=\"wp-image-7988\" srcset=\"https:\/\/www.anders-blog.de\/wp-content\/uploads\/2026\/09\/IMG_1444-scaled-e1788712752320-966x1024.jpg 966w, https:\/\/www.anders-blog.de\/wp-content\/uploads\/2026\/09\/IMG_1444-scaled-e1788712752320-283x300.jpg 283w, https:\/\/www.anders-blog.de\/wp-content\/uploads\/2026\/09\/IMG_1444-scaled-e1788712752320-768x814.jpg 768w, https:\/\/www.anders-blog.de\/wp-content\/uploads\/2026\/09\/IMG_1444-scaled-e1788712752320-1449x1536.jpg 1449w, https:\/\/www.anders-blog.de\/wp-content\/uploads\/2026\/09\/IMG_1444-scaled-e1788712752320.jpg 1655w\" sizes=\"auto, (max-width: 966px) 100vw, 966px\" \/><\/a><\/figure>\n\n\n\n<p>Besonders gefreut habe ich mich, dass mein Verlagskollege, Fu\u00dfballkumpel und Jugendfreund Jan auch da war &#8211; und diese tollen Fotos und Videos gemacht hat. Die Lesung stelle ich hier einfach mal rein:<\/p>\n\n\n\n<figure class=\"wp-block-image size-full\"><a href=\"https:\/\/www.anders-blog.de\/wp-content\/uploads\/2026\/09\/lesungfp-2.mp4\"><img decoding=\"async\" src=\"https:\/\/www.anders-blog.de\/wp-content\/uploads\/2026\/09\/lesungfp-2.mp4\" alt=\"\" class=\"wp-image-7996\"\/><\/a><\/figure>\n\n\n\n<p>Hamburg, meine Perle, mit diesen vielen interessanten, guten Menschen &#8211; bleib wie Du bist. Sauber. Politisch korrekt. Zumindest weitgehend. Hab Dich lieb.<\/p>\n","protected":false},"excerpt":{"rendered":"<p>Ich nehme den gestrigen Tag zum Anlass, mal wieder meine Korrespondenz mit der Welt aufzunehmen, hier, in meinem virtuellen Panic Room. Ich durfte gestern einen kleinen Beitrag leisten, auf einer neuen Leseb\u00fchne namens Flying Poetry &#8211; im Wohl oder \u00dcbel. Es war klein, voll, warm, gem\u00fctlich. Hosts waren Ayna Steigerwald und Cenk Bekdemir, und dieses &hellip; <a href=\"https:\/\/www.anders-blog.de\/?p=7987\" class=\"more-link\"><span class=\"screen-reader-text\">Geh, dichte!<\/span> weiterlesen<\/a><\/p>\n","protected":false},"author":3,"featured_media":0,"comment_status":"closed","ping_status":"","sticky":false,"template":"","format":"standard","meta":{"footnotes":""},"categories":[1],"tags":[],"class_list":["post-7987","post","type-post","status-publish","format-standard","hentry","category-allgemein"],"_links":{"self":[{"href":"https:\/\/www.anders-blog.de\/index.php?rest_route=\/wp\/v2\/posts\/7987","targetHints":{"allow":["GET"]}}],"collection":[{"href":"https:\/\/www.anders-blog.de\/index.php?rest_route=\/wp\/v2\/posts"}],"about":[{"href":"https:\/\/www.anders-blog.de\/index.php?rest_route=\/wp\/v2\/types\/post"}],"author":[{"embeddable":true,"href":"https:\/\/www.anders-blog.de\/index.php?rest_route=\/wp\/v2\/users\/3"}],"replies":[{"embeddable":true,"href":"https:\/\/www.anders-blog.de\/index.php?rest_route=%2Fwp%2Fv2%2Fcomments&post=7987"}],"version-history":[{"count":4,"href":"https:\/\/www.anders-blog.de\/index.php?rest_route=\/wp\/v2\/posts\/7987\/revisions"}],"predecessor-version":[{"id":7999,"href":"https:\/\/www.anders-blog.de\/index.php?rest_route=\/wp\/v2\/posts\/7987\/revisions\/7999"}],"wp:attachment":[{"href":"https:\/\/www.anders-blog.de\/index.php?rest_route=%2Fwp%2Fv2%2Fmedia&parent=7987"}],"wp:term":[{"taxonomy":"category","embeddable":true,"href":"https:\/\/www.anders-blog.de\/index.php?rest_route=%2Fwp%2Fv2%2Fcategories&post=7987"},{"taxonomy":"post_tag","embeddable":true,"href":"https:\/\/www.anders-blog.de\/index.php?rest_route=%2Fwp%2Fv2%2Ftags&post=7987"}],"curies":[{"name":"wp","href":"https:\/\/api.w.org\/{rel}","templated":true}]}}