{"id":5956,"date":"2018-09-05T16:34:16","date_gmt":"2018-09-05T16:34:16","guid":{"rendered":"http:\/\/www.anders-blog.de\/?p=5956"},"modified":"2018-09-05T16:34:16","modified_gmt":"2018-09-05T16:34:16","slug":"kuenstliche-intelligenz","status":"publish","type":"post","link":"https:\/\/www.anders-blog.de\/?p=5956","title":{"rendered":"K\u00fcnstliche Intelligenz"},"content":{"rendered":"<figure id=\"attachment_5958\" aria-describedby=\"caption-attachment-5958\" style=\"width: 450px\" class=\"wp-caption alignnone\"><a href=\"https:\/\/www.anders-blog.de\/wp-content\/uploads\/2018\/09\/IMG_7028.png\"><img loading=\"lazy\" decoding=\"async\" class=\"size-large wp-image-5958\" src=\"https:\/\/www.anders-blog.de\/wp-content\/uploads\/2018\/09\/IMG_7028-576x1024.png\" alt=\"Lustig. Die Auto-Korrektur macht aus Enzensberger &quot;Entenschnabel&quot; - ist das k\u00fcnstliche Intelligenz?\" width=\"450\" height=\"800\" srcset=\"https:\/\/www.anders-blog.de\/wp-content\/uploads\/2018\/09\/IMG_7028-576x1024.png 576w, https:\/\/www.anders-blog.de\/wp-content\/uploads\/2018\/09\/IMG_7028-169x300.png 169w, https:\/\/www.anders-blog.de\/wp-content\/uploads\/2018\/09\/IMG_7028.png 750w\" sizes=\"auto, (max-width: 450px) 100vw, 450px\" \/><\/a><figcaption id=\"caption-attachment-5958\" class=\"wp-caption-text\">Lustig. Die Auto-Korrektur macht aus Enzensberger &#8222;Entenschnabel&#8220; &#8211; ist das k\u00fcnstliche Intelligenz?<\/figcaption><\/figure>\n<p>&nbsp;<\/p>\n<p>Tja, wie immer, &#8230; wenn man ein paar Tage nicht geschrieben hat, wird der Berg des Ungesagten, aber Mitgedachten so gro\u00df, dass man kaum dagegen angehen kann. Wie ein Berg Schmutzw\u00e4sche, der einem \u00fcber den Kopf w\u00e4chst.<\/p>\n<p>Ich meine, die Lage ist ja auch nicht gerade entspannt. Im Gegenteil, die neuen Rechten haben sich zusammengeschlossen, sind aufmarschiert. Und der Rest steht da und kann es nicht glauben. Dabei ist es gar nicht so unglaublich. So sind Menschen. Zumindest die meisten. Neidisch, auf ihren Vorteil bedacht, unreflektiert, unempathisch, unf\u00e4hig zur Abstraktion. Und man kann es ihnen &#8211; zumindest im Osten &#8211; nur teilweise vorwerfen. Nazi-Zeit nicht aufgearbeitet, von einer Diktatur in die andere, immer bevormundet, DDR auch nicht aufgearbeitet, sondern vom arroganten Westen wie eine Krankheit vom Tisch gefegt.<\/p>\n<p>Alles nicht so leicht.<\/p>\n<p>Habe zur Zeit neben dem Job zwei sch\u00f6ne Projekte: Zum Einen den Literatur-Podcast mit Sebastian von den <em>Alphabeten<\/em> (haben gestern Abend noch eine Folge fertig gemacht), zum Anderen bereiten wir gerade mit <em>minimaltrashart<\/em> die Ver\u00f6ffentlichung des Gedichtbandes von Dagrun Hintze vor. War am Wochenende bei Dagrun und ihrem Mann auf dem Land (Richtung Osten) und habe ein paar Aufnahmen f\u00fcr einen Buchtrailer gemacht. Tolle Menschen und Arbeit, die sich nicht nach Arbeit anf\u00fchlte, aber auf dem Weg dorthin durch die D\u00f6rfer habe ich echt leichte Depressionen bekommen. \u00dcberall Gastst\u00e4tten, die &#8222;Deutsches Haus&#8220; oder so\u00a0hei\u00dfen, Opel-Kombis, mit Babynamen auf der Heckscheibe &#8211; in altdeutscher Schrift.<\/p>\n<p>Das Problem ist aktuell gut formuliert: Wer ist mehr? Ich bin mir nicht sicher.\u00a0Meine Projekte werden daran nichts \u00e4ndern.<\/p>\n<p>Ansonsten? Trauer, weil es die <em>taz<\/em> vielleicht bald nicht mehr in ausgedruckter Form gibt, und Wut, weil die <em>BILD<\/em> erst hetzt und jetzt\u00a0scheinheilig fragt, was aus unserem Land geworden ist. Eine Frechheit. Ein Verbrechen. Meines Erachtens machen Verbote und Tabuisierungen schon Sinn. Am Ende ist die Demokratie n\u00e4mlich so gut, dass sie sich selbst zum Opfer f\u00e4llt.<\/p>\n","protected":false},"excerpt":{"rendered":"<p>&nbsp; Tja, wie immer, &#8230; wenn man ein paar Tage nicht geschrieben hat, wird der Berg des Ungesagten, aber Mitgedachten so gro\u00df, dass man kaum dagegen angehen kann. Wie ein Berg Schmutzw\u00e4sche, der einem \u00fcber den Kopf w\u00e4chst. Ich meine, die Lage ist ja auch nicht gerade entspannt. Im Gegenteil, die neuen Rechten haben sich &hellip; <a href=\"https:\/\/www.anders-blog.de\/?p=5956\" class=\"more-link\"><span class=\"screen-reader-text\">K\u00fcnstliche Intelligenz<\/span> weiterlesen<\/a><\/p>\n","protected":false},"author":3,"featured_media":0,"comment_status":"open","ping_status":"open","sticky":false,"template":"","format":"standard","meta":{"footnotes":""},"categories":[1],"tags":[],"class_list":["post-5956","post","type-post","status-publish","format-standard","hentry","category-allgemein"],"_links":{"self":[{"href":"https:\/\/www.anders-blog.de\/index.php?rest_route=\/wp\/v2\/posts\/5956","targetHints":{"allow":["GET"]}}],"collection":[{"href":"https:\/\/www.anders-blog.de\/index.php?rest_route=\/wp\/v2\/posts"}],"about":[{"href":"https:\/\/www.anders-blog.de\/index.php?rest_route=\/wp\/v2\/types\/post"}],"author":[{"embeddable":true,"href":"https:\/\/www.anders-blog.de\/index.php?rest_route=\/wp\/v2\/users\/3"}],"replies":[{"embeddable":true,"href":"https:\/\/www.anders-blog.de\/index.php?rest_route=%2Fwp%2Fv2%2Fcomments&post=5956"}],"version-history":[{"count":1,"href":"https:\/\/www.anders-blog.de\/index.php?rest_route=\/wp\/v2\/posts\/5956\/revisions"}],"predecessor-version":[{"id":5959,"href":"https:\/\/www.anders-blog.de\/index.php?rest_route=\/wp\/v2\/posts\/5956\/revisions\/5959"}],"wp:attachment":[{"href":"https:\/\/www.anders-blog.de\/index.php?rest_route=%2Fwp%2Fv2%2Fmedia&parent=5956"}],"wp:term":[{"taxonomy":"category","embeddable":true,"href":"https:\/\/www.anders-blog.de\/index.php?rest_route=%2Fwp%2Fv2%2Fcategories&post=5956"},{"taxonomy":"post_tag","embeddable":true,"href":"https:\/\/www.anders-blog.de\/index.php?rest_route=%2Fwp%2Fv2%2Ftags&post=5956"}],"curies":[{"name":"wp","href":"https:\/\/api.w.org\/{rel}","templated":true}]}}