{"id":5930,"date":"2018-08-14T19:44:40","date_gmt":"2018-08-14T19:44:40","guid":{"rendered":"http:\/\/www.anders-blog.de\/?p=5930"},"modified":"2018-08-14T19:51:08","modified_gmt":"2018-08-14T19:51:08","slug":"quaengelwesen","status":"publish","type":"post","link":"https:\/\/www.anders-blog.de\/?p=5930","title":{"rendered":"Qu\u00e4ngelwesen"},"content":{"rendered":"<p><img loading=\"lazy\" decoding=\"async\" class=\"alignnone size-medium wp-image-5936\" src=\"https:\/\/www.anders-blog.de\/wp-content\/uploads\/2018\/08\/thumbnail-300x300.jpeg\" alt=\"thumbnail\" width=\"300\" height=\"300\" srcset=\"https:\/\/www.anders-blog.de\/wp-content\/uploads\/2018\/08\/thumbnail-300x300.jpeg 300w, https:\/\/www.anders-blog.de\/wp-content\/uploads\/2018\/08\/thumbnail-150x150.jpeg 150w, https:\/\/www.anders-blog.de\/wp-content\/uploads\/2018\/08\/thumbnail.jpeg 640w\" sizes=\"auto, (max-width: 300px) 100vw, 300px\" \/><\/p>\n<p>Erster Tag heute wieder im B\u00fcro. Unser Patchwork \u2013 Familienurlaub in Schweden war wie immer toll. Obgleich die drei pubertierenden S\u00f6hne\u00a0ab und an auch ein bisschen an den Nerven gezupft haben. Zugleich ist es aber auch faszinierend zu sehen, wie aus den kleinen Menschenwesen von damals eigenst\u00e4ndige Pers\u00f6nlichkeiten werden, die sich nat\u00fcrlich auch in aller Liebe abgrenzen m\u00fcssen. Welchen Krach sie dabei machen. Und wie sie auch noch mit 17 Lust haben, Stunden\u00a0auf dem Bolzplatz oder mit der Angel in der Hand am See zu verbringen. Das ist wahres Gl\u00fcck. F\u00fcr die Kinder, aber auch f\u00fcr die Eltern, das zu beobachten.<\/p>\n<p><a href=\"https:\/\/www.anders-blog.de\/wp-content\/uploads\/2018\/08\/thumbnail-2.jpeg\"><img loading=\"lazy\" decoding=\"async\" class=\"alignnone size-medium wp-image-5932\" src=\"https:\/\/www.anders-blog.de\/wp-content\/uploads\/2018\/08\/thumbnail-2-300x225.jpeg\" alt=\"thumbnail-2\" width=\"300\" height=\"225\" srcset=\"https:\/\/www.anders-blog.de\/wp-content\/uploads\/2018\/08\/thumbnail-2-300x225.jpeg 300w, https:\/\/www.anders-blog.de\/wp-content\/uploads\/2018\/08\/thumbnail-2.jpeg 640w\" sizes=\"auto, (max-width: 300px) 100vw, 300px\" \/><\/a><\/p>\n<p>Man k\u00f6nnte \u00fcber dieses Patchwork-Kapitel ganze B\u00fccher schreiben. \u00dcber die zum Teil unbewussten und ungewollten, inneren Turbulenzen, wenn man versucht, leibliche und nichtleibliche Kinder (Was macht das schon f\u00fcr einen Unterschied?)\u00a0<em>wirklich<\/em> gleich zu behandeln. Und \u00fcber die Konflikte, die sich daraus pl\u00f6tzlich zwischen den Erwachsenen entspannen, obwohl man sich doch sonst in vielen Dingen einig ist (zumindest in allem Wesentlichen). Weil man <em>sich selbst<\/em> eine sch\u00f6ne Zeit w\u00fcnscht. Und dabei vielleicht die anderen aus den Augen verliert. \u00dcber die Challenge, gro\u00df und weise und wahrhaftig zu handeln, und das Scheitern darin. Dar\u00fcber, in guter Balance\u00a0emotional zu sein <em>und<\/em> rational, aber eben gerade nicht irrational, klein, engstirnig und doof. Ein Vorbild zu sein f\u00fcr alle. Allein dar\u00fcber. Ein ganzes Regal voll.<\/p>\n<p>Apropos: im Moment ver\u00f6ffentlicht jeder um mich herum ein Buch. Und alle haben Agenten. Ich merke, dass ich bei aller Freude f\u00fcr die Freunde, denen das gelingt, zugleich nat\u00fcrlich auch nachdenklich werde, warum ich es nicht schaffe, zielgerichteter an dem Ziel zu arbeiten, doch nochmal als Schriftsteller Fu\u00df zu fassen. Habe heute, um frischen Mut zu fassen, eine alte Rezension aus der ZEIT gegoogelt, \u00fcber mein Deb\u00fctroman &#8222;Jugendstil&#8220;.<\/p>\n<figure id=\"attachment_5937\" aria-describedby=\"caption-attachment-5937\" style=\"width: 450px\" class=\"wp-caption alignnone\"><a href=\"https:\/\/www.anders-blog.de\/wp-content\/uploads\/2018\/08\/jsheute.jpeg\"><img loading=\"lazy\" decoding=\"async\" class=\"size-large wp-image-5937\" src=\"https:\/\/www.anders-blog.de\/wp-content\/uploads\/2018\/08\/jsheute-1024x706.jpeg\" alt=\"Die Werbung suggeriert Aktualit\u00e4t eines 15 Jahre alten Textes ...\" width=\"450\" height=\"310\" srcset=\"https:\/\/www.anders-blog.de\/wp-content\/uploads\/2018\/08\/jsheute-1024x706.jpeg 1024w, https:\/\/www.anders-blog.de\/wp-content\/uploads\/2018\/08\/jsheute-300x207.jpeg 300w, https:\/\/www.anders-blog.de\/wp-content\/uploads\/2018\/08\/jsheute.jpeg 1560w\" sizes=\"auto, (max-width: 450px) 100vw, 450px\" \/><\/a><figcaption id=\"caption-attachment-5937\" class=\"wp-caption-text\">Die Werbung suggeriert Aktualit\u00e4t eines 15 Jahre alten Textes &#8230;<\/figcaption><\/figure>\n<p>Konrad Heidkamp hat damals nette Dinge \u00fcber meinen Text geschrieben. Sp\u00e4ter rief daraufhin ja sogar Rowohlt Berlin an (der Verlagsleiter Gunnar Schmidt pers\u00f6nlich) und fragte, ob ich ein neues Projekt in Arbeit h\u00e4tte. Hatte ich aber nicht. Jedenfalls nicht so richtig.<\/p>\n<p>Merke, dass mich das an mir selber nervt, dass ich mich bei aller Freude f\u00fcr meine Kollegen\u00a0stets gleichzeitig frage (besser: jammere), warum das Schicksal mich (noch) nicht mit formalem Erfolg bedacht hat. Wobei ich gar nicht sagen kann, wie ich den bemessen w\u00fcrde.<\/p>\n<p><a href=\"https:\/\/www.anders-blog.de\/wp-content\/uploads\/2018\/08\/thumbnail-4.jpeg\"><img loading=\"lazy\" decoding=\"async\" class=\"alignnone size-medium wp-image-5934\" src=\"https:\/\/www.anders-blog.de\/wp-content\/uploads\/2018\/08\/thumbnail-4-300x225.jpeg\" alt=\"thumbnail-4\" width=\"300\" height=\"225\" srcset=\"https:\/\/www.anders-blog.de\/wp-content\/uploads\/2018\/08\/thumbnail-4-300x225.jpeg 300w, https:\/\/www.anders-blog.de\/wp-content\/uploads\/2018\/08\/thumbnail-4.jpeg 640w\" sizes=\"auto, (max-width: 300px) 100vw, 300px\" \/><\/a><\/p>\n<p>Im Gegenteil, im Moment scheinen viele Kleinigkeiten gegen mich zu laufen.\u00a0Wollte gestern an meinem letzten Urlaubstag mit meinem \u00e4ltesten Sohn auf den Verkehrs\u00fcbungsplatz fahren, aber 500 m vor der Ankunft hat das Auto den Geist aufgegeben: die Benzinpumpe. Das war schrecklich, weil ich mich nat\u00fcrlich auf ein sch\u00f6nes Vater-Sohn-Erlebnis gefreut hatte. Aber vielleicht ist das genau eine Art von Egoismus, die ich ablegen muss. Finde diese Eigenschaft regelrecht absto\u00dfend. Unmenschlich. Und sie zahlt sich auch nicht aus. Gestern Abend hatte ich gerade alle Blumen gegossen, da fing es an zu regnen. Heute Morgen habe ich den Bus verpasst, der zu fr\u00fch kam, und im B\u00fcro hat mich eine neue Praktikantin zum ersten Mal gefragt, ob sie mich duzen kann oder lieber siezen solle. Wobei ich dar\u00fcber lachen kann. Das \u00c4lterwerden finde ich gar nicht so schlimm. Muss aber auch gelassener werden. Das Leben ist kurz. Erfreue Dich daran. Genie\u00dfe jeden Augenblick. Hab das in der ersten Jahresh\u00e4lfte eigentlich ganz gut hinbekommen.\u00a0Ist sicher\u00a0auch nur eine Phase, die ich ich selbst beenden kann. Aber eben nur, wenn ich wieder ein bisschen vorankomme. K\u00fcnstlerisch, wohlgemerkt.<\/p>\n<p>Freue mich zum Beispiel \u00fcber den Gedichtband von Dagrun Hintze, den wir demn\u00e4chst bei mta verlegen. Oder die weiteren Aktivit\u00e4ten mit Sebastian und den Alphabeten.<\/p>\n<p><a href=\"https:\/\/www.anders-blog.de\/wp-content\/uploads\/2018\/08\/thumbnail-5.jpeg\"><img loading=\"lazy\" decoding=\"async\" class=\"alignnone size-thumbnail wp-image-5935\" src=\"https:\/\/www.anders-blog.de\/wp-content\/uploads\/2018\/08\/thumbnail-5-150x150.jpeg\" alt=\"thumbnail-5\" width=\"150\" height=\"150\" srcset=\"https:\/\/www.anders-blog.de\/wp-content\/uploads\/2018\/08\/thumbnail-5-150x150.jpeg 150w, https:\/\/www.anders-blog.de\/wp-content\/uploads\/2018\/08\/thumbnail-5-300x300.jpeg 300w, https:\/\/www.anders-blog.de\/wp-content\/uploads\/2018\/08\/thumbnail-5.jpeg 640w\" sizes=\"auto, (max-width: 150px) 100vw, 150px\" \/><\/a><\/p>\n<p>Habe mir auf der F\u00e4hre nach G\u00f6teborg f\u00fcr den Urlaub einen englischen Lyrikband gekauft: &#8222;The Sun and her flowers&#8220; von <em>Rupi Kaur<\/em>, ein wundersch\u00f6n gemachter Band. Ein kleines Kunstwerk. Mir gefallen am liebsten die Zwei- und Dreizeiler &#8230;<\/p>\n<p><em>tell them I was the<\/em><br \/>\n<em>warmest place you knew<\/em><br \/>\n<em>and you turned me cold<\/em><\/p>\n<p>Sch\u00f6n. Schlicht. Bekomme dann Lust, an meinen eigenen Sachen weiterzuarbeiten. Und das ist dann doch viel wert, oder nicht?\u00a0Gute Gedichte sind wie Medizin. Apropos: <em>Erich K\u00e4stners<\/em>\u00a0&#8222;Lyrische Hausapotheke&#8220;\u00a0ist nach wie vor der bestverkaufte Gedichtband in Deutschland jedes Jahr. Da muss doch mal was Neues kommen.<\/p>\n","protected":false},"excerpt":{"rendered":"<p>Erster Tag heute wieder im B\u00fcro. Unser Patchwork \u2013 Familienurlaub in Schweden war wie immer toll. Obgleich die drei pubertierenden S\u00f6hne\u00a0ab und an auch ein bisschen an den Nerven gezupft haben. Zugleich ist es aber auch faszinierend zu sehen, wie aus den kleinen Menschenwesen von damals eigenst\u00e4ndige Pers\u00f6nlichkeiten werden, die sich nat\u00fcrlich auch in aller &hellip; <a href=\"https:\/\/www.anders-blog.de\/?p=5930\" class=\"more-link\"><span class=\"screen-reader-text\">Qu\u00e4ngelwesen<\/span> weiterlesen<\/a><\/p>\n","protected":false},"author":3,"featured_media":0,"comment_status":"open","ping_status":"open","sticky":false,"template":"","format":"standard","meta":{"footnotes":""},"categories":[1],"tags":[],"class_list":["post-5930","post","type-post","status-publish","format-standard","hentry","category-allgemein"],"_links":{"self":[{"href":"https:\/\/www.anders-blog.de\/index.php?rest_route=\/wp\/v2\/posts\/5930","targetHints":{"allow":["GET"]}}],"collection":[{"href":"https:\/\/www.anders-blog.de\/index.php?rest_route=\/wp\/v2\/posts"}],"about":[{"href":"https:\/\/www.anders-blog.de\/index.php?rest_route=\/wp\/v2\/types\/post"}],"author":[{"embeddable":true,"href":"https:\/\/www.anders-blog.de\/index.php?rest_route=\/wp\/v2\/users\/3"}],"replies":[{"embeddable":true,"href":"https:\/\/www.anders-blog.de\/index.php?rest_route=%2Fwp%2Fv2%2Fcomments&post=5930"}],"version-history":[{"count":5,"href":"https:\/\/www.anders-blog.de\/index.php?rest_route=\/wp\/v2\/posts\/5930\/revisions"}],"predecessor-version":[{"id":5942,"href":"https:\/\/www.anders-blog.de\/index.php?rest_route=\/wp\/v2\/posts\/5930\/revisions\/5942"}],"wp:attachment":[{"href":"https:\/\/www.anders-blog.de\/index.php?rest_route=%2Fwp%2Fv2%2Fmedia&parent=5930"}],"wp:term":[{"taxonomy":"category","embeddable":true,"href":"https:\/\/www.anders-blog.de\/index.php?rest_route=%2Fwp%2Fv2%2Fcategories&post=5930"},{"taxonomy":"post_tag","embeddable":true,"href":"https:\/\/www.anders-blog.de\/index.php?rest_route=%2Fwp%2Fv2%2Ftags&post=5930"}],"curies":[{"name":"wp","href":"https:\/\/api.w.org\/{rel}","templated":true}]}}