{"id":5220,"date":"2017-04-06T17:20:33","date_gmt":"2017-04-06T17:20:33","guid":{"rendered":"http:\/\/www.anders-blog.de\/?p=5220"},"modified":"2017-04-06T22:41:04","modified_gmt":"2017-04-06T22:41:04","slug":"momentaufnahme","status":"publish","type":"post","link":"https:\/\/www.anders-blog.de\/?p=5220","title":{"rendered":"Momentaufnahme"},"content":{"rendered":"<figure id=\"attachment_5222\" aria-describedby=\"caption-attachment-5222\" style=\"width: 300px\" class=\"wp-caption alignnone\"><a href=\"https:\/\/www.anders-blog.de\/wp-content\/uploads\/2017\/04\/ohne-bild.jpg\"><img loading=\"lazy\" decoding=\"async\" class=\"size-medium wp-image-5222\" src=\"https:\/\/www.anders-blog.de\/wp-content\/uploads\/2017\/04\/ohne-bild-300x300.jpg\" alt=\"Ohne Bild und ohne Ton\" width=\"300\" height=\"300\" srcset=\"https:\/\/www.anders-blog.de\/wp-content\/uploads\/2017\/04\/ohne-bild-300x300.jpg 300w, https:\/\/www.anders-blog.de\/wp-content\/uploads\/2017\/04\/ohne-bild-150x150.jpg 150w, https:\/\/www.anders-blog.de\/wp-content\/uploads\/2017\/04\/ohne-bild.jpg 320w\" sizes=\"auto, (max-width: 300px) 100vw, 300px\" \/><\/a><figcaption id=\"caption-attachment-5222\" class=\"wp-caption-text\">Ohne Bild und ohne Ton<\/figcaption><\/figure>\n<p>Die BILD-Zeitung titelte heute: &#8222;Der schlimmste Vater der Welt&#8220;. Das Foto dazu zeigte Syriens Pr\u00e4sidenten Assad im Kreise seiner Familie, annl\u00e4sslich einer Geburtstagsfeier eines seiner Kinder, das soeben im Begriff ist, die Kerzen auf seinem Geburtstagskuchen auszupusten.<\/p>\n<p>Es ist derselbe Mann, der in Verdacht steht, durch den Einsatz von Giftgas unschuldige Kinder get\u00f6tet zu haben. Diese beiden Vorstellungen bekommt die BILD-Zeitung nicht unter einen Hut. Zudem ist der Titel wom\u00f6glich irref\u00fchrend. Assad ist vielleicht der schlimmste Pr\u00e4sident, aber nicht der schlimmste Vater.<\/p>\n<p>Zugegebenerma\u00dfen kann man in Bezug auf die Psychopathologie anderer Menschen, zumal aus der Entfernung, generell nur spekulieren, aber dass M\u00e4nner tags\u00fcber f\u00fcr unfassbare Gr\u00e4ueltaten und Massenmorde verantwortlich zeichnen und abends, an Sonntagen oder zu Weihnachten treusorgende, liebende Familienv\u00e4ter sein k\u00f6nnen, wissen wir in Deutschland sp\u00e4testens seit dem Dritten Reich.<\/p>\n<p>Es gibt auch zahllose Serienm\u00f6rder, deren b\u00fcrgerliche Existenz (nach au\u00dfen hin) tadellos erschien.<\/p>\n<p>Ich recherchiere aktuell zum Thema Amok und bin dabei auch auf den Begriff der &#8222;T\u00f6tungshemmung&#8220; gesto\u00dfen, die bei jedem gesunden, &#8222;normalen&#8220; Menschen vorherrscht. Doch wo ist die Grenze zum Un-Normalen? Un-Gesunden? Ist das B\u00f6se krank? Dann w\u00e4re jeder T\u00e4ter vermindert schuldf\u00e4hig!?<\/p>\n<p>Amokforscher unterscheiden zwischen T\u00e4tern, die ihre Opfer von Angesicht zu Angesicht t\u00f6ten, und den T\u00e4tern, die das nicht tun. Weil sie es nicht k\u00f6nnen. \u00dcber Breivik wird gesagt, er habe sich sein Mitgef\u00fchl (die T\u00f6tungshemmung) systematisch abtrainiert.<\/p>\n<p>Ob in den Konzentrationslagern der Nazis oder heute in Syrien: Wer von seinem Schreibtisch aus den Einsatz von t\u00f6dlichem Gas befiehlt, muss nicht in die Augen seiner Opfer sehen.<\/p>\n<p>Es ist zu vermuten, dass dieser Anblick auch eigentlich nicht zu ertragen w\u00e4re, wenn es die Fotos nicht g\u00e4be, in den Geschichtsb\u00fcchern und jetzt wieder auf Seite 1 der Tageszeitungen. Ich w\u00fcrde nicht behaupten, dass wir sie hinnehmen, aber im Innersten meines Herzens habe ich Angst, dass wir unser Mitgef\u00fchl auch systematisch abtrainieren. Vielleicht um uns zu sch\u00fctzen. Aber ich will das gar nicht.<\/p>\n<p>Im selben Umfeld des &#8222;schlimmsten Vaters&#8220; berichtet die BILD \u00fcbrigens auch von den Verletzungs-Sorgen(!) des \u00f6rtlichen Fu\u00dfballvereins und l\u00e4sst einen Supermarkt f\u00fcr S\u00fc\u00dfigkeiten werben, die weniger kosten als siebzig Cent.<\/p>\n","protected":false},"excerpt":{"rendered":"<p>Die BILD-Zeitung titelte heute: &#8222;Der schlimmste Vater der Welt&#8220;. Das Foto dazu zeigte Syriens Pr\u00e4sidenten Assad im Kreise seiner Familie, annl\u00e4sslich einer Geburtstagsfeier eines seiner Kinder, das soeben im Begriff ist, die Kerzen auf seinem Geburtstagskuchen auszupusten. Es ist derselbe Mann, der in Verdacht steht, durch den Einsatz von Giftgas unschuldige Kinder get\u00f6tet zu haben. &hellip; <a href=\"https:\/\/www.anders-blog.de\/?p=5220\" class=\"more-link\"><span class=\"screen-reader-text\">Momentaufnahme<\/span> weiterlesen<\/a><\/p>\n","protected":false},"author":3,"featured_media":0,"comment_status":"open","ping_status":"open","sticky":false,"template":"","format":"standard","meta":{"footnotes":""},"categories":[1],"tags":[],"class_list":["post-5220","post","type-post","status-publish","format-standard","hentry","category-allgemein"],"_links":{"self":[{"href":"https:\/\/www.anders-blog.de\/index.php?rest_route=\/wp\/v2\/posts\/5220","targetHints":{"allow":["GET"]}}],"collection":[{"href":"https:\/\/www.anders-blog.de\/index.php?rest_route=\/wp\/v2\/posts"}],"about":[{"href":"https:\/\/www.anders-blog.de\/index.php?rest_route=\/wp\/v2\/types\/post"}],"author":[{"embeddable":true,"href":"https:\/\/www.anders-blog.de\/index.php?rest_route=\/wp\/v2\/users\/3"}],"replies":[{"embeddable":true,"href":"https:\/\/www.anders-blog.de\/index.php?rest_route=%2Fwp%2Fv2%2Fcomments&post=5220"}],"version-history":[{"count":4,"href":"https:\/\/www.anders-blog.de\/index.php?rest_route=\/wp\/v2\/posts\/5220\/revisions"}],"predecessor-version":[{"id":5226,"href":"https:\/\/www.anders-blog.de\/index.php?rest_route=\/wp\/v2\/posts\/5220\/revisions\/5226"}],"wp:attachment":[{"href":"https:\/\/www.anders-blog.de\/index.php?rest_route=%2Fwp%2Fv2%2Fmedia&parent=5220"}],"wp:term":[{"taxonomy":"category","embeddable":true,"href":"https:\/\/www.anders-blog.de\/index.php?rest_route=%2Fwp%2Fv2%2Fcategories&post=5220"},{"taxonomy":"post_tag","embeddable":true,"href":"https:\/\/www.anders-blog.de\/index.php?rest_route=%2Fwp%2Fv2%2Ftags&post=5220"}],"curies":[{"name":"wp","href":"https:\/\/api.w.org\/{rel}","templated":true}]}}