{"id":4222,"date":"2015-10-13T15:45:13","date_gmt":"2015-10-13T15:45:13","guid":{"rendered":"http:\/\/www.anders-blog.de\/?p=4222"},"modified":"2015-10-13T16:02:19","modified_gmt":"2015-10-13T16:02:19","slug":"heute-morgen","status":"publish","type":"post","link":"https:\/\/www.anders-blog.de\/?p=4222","title":{"rendered":"Heute Morgen"},"content":{"rendered":"<p>Ha, ich bin doch noch jung. Laut der neuen Shell-Jugendstudie haben junge Erwachsene (zwischen 12 und 25) in Deutschland mehr Angst vor Ausl\u00e4nderfeinden als vor Zuwanderern. Das ist bei mir auch so. Also vor Zuwanderern hab ich \u00fcberhaupt keine Angst,\u00a0aber die steigende Ausl\u00e4nderfeindlichkeit bereitet mir Sorgen. Insofern f\u00fchle ich offiziell wie ein junger (ist es nicht eher: aufgekl\u00e4rter?)\u00a0Erwachsener. Auf der anderen Seite habe ich Siri heute Morgen gefragt, bei welchem Arzt in unserer Nachbarschaft man eine Darmspiegelung machen k\u00f6nne. Ich geh\u00f6re jetzt zur Risikogruppe. K\u00f6rperlich. Geistig bin ich, wie gesagt, maximal 25.<\/p>\n<figure id=\"attachment_4223\" aria-describedby=\"caption-attachment-4223\" style=\"width: 300px\" class=\"wp-caption alignnone\"><a href=\"https:\/\/www.anders-blog.de\/wp-content\/uploads\/2015\/10\/Kater.jpg\"><img loading=\"lazy\" decoding=\"async\" class=\"size-medium wp-image-4223\" src=\"https:\/\/www.anders-blog.de\/wp-content\/uploads\/2015\/10\/Kater-300x225.jpg\" alt=\"Bruderliebe\" width=\"300\" height=\"225\" srcset=\"https:\/\/www.anders-blog.de\/wp-content\/uploads\/2015\/10\/Kater-300x225.jpg 300w, https:\/\/www.anders-blog.de\/wp-content\/uploads\/2015\/10\/Kater-1024x768.jpg 1024w, https:\/\/www.anders-blog.de\/wp-content\/uploads\/2015\/10\/Kater.jpg 1600w\" sizes=\"auto, (max-width: 300px) 100vw, 300px\" \/><\/a><figcaption id=\"caption-attachment-4223\" class=\"wp-caption-text\">Bruderliebe<\/figcaption><\/figure>\n<p>K\u00f6nnte als noch locker bei &#8222;bento&#8220; arbeiten, unserem neuen Portal f\u00fcr junge Menschen. Dort hat ein junger Kollege eine Story \u00fcber die Beziehung zu seinem Kater geschrieben. Da kann ich noch etwas hinzuf\u00fcgen. Wir haben ja auch zwei Kater, zwei Br\u00fcder, um genau zu sein, der eine gro\u00df und dick, der andere klein und d\u00fcnn. Und wenn wir abends das Futter in zwei Sch\u00fcsselchen hinstellen, dann h\u00f6rt der Kleine schon bald irgendwann auf zu essen, weil sein B\u00e4uchlein voll ist, und der Gro\u00dfe macht sich dann \u00fcber dessen Rest her, was nat\u00fcrlich dazu f\u00fchrt, dass der Kleine klein bleibt und der Gro\u00dfe immer dicker wird. Deswegen bekommt der kleine Kater jetzt seine Portion abends immer schon fr\u00fcher, damit er in zwei Etappen essen kann. Das hei\u00dft, wenn wir sie dann abends zum Schlafen mit dem Futter ins dritte Zimmer locken, hat der kleine Kater jetzt immer nur noch eine kleine Restportion. Hei\u00dft aber auch, dass der gierige Dicke zuerst immer (durch eine Glast\u00fcr!) zugucken muss, wenn der Kleine vorher in der K\u00fcche schon mal den ersten Gang antritt. Ich sage jetzt extra &#8211; total \u00fcberzogen &#8211; der &#8222;gierige Dicke&#8220;, weil gestern Abend etwas passiert ist, was\u00a0uns fast zu Tr\u00e4nen ger\u00fchrt hat. Offenbar hatte der Kleine an diesem Abend mehr Hunger und den Rest seiner Portion schon l\u00e4ngst verputzt, und als ich nochmal nach ihnen schaute, hatte n\u00e4mlich der Gro\u00dfe gerade dem Kleinen freiwillig Platz gemacht (er stand direkt daneben) und ihm\u00a0sein Sch\u00fcsselchen \u00fcberlassen, damit sein kleiner Bruder nicht hungrig ins K\u00f6rbchen muss, und da hab ich mich so gefreut und zugleich auch ein bisschen gesch\u00e4mt. Jedenfalls ist der Gro\u00dfe jetzt \u00fcberhaupt nicht mehr der &#8222;gierige Dicke&#8220;, sondern der braucht einfach nur mehr Platz f\u00fcr sein gro\u00dfes Herz, so einfach ist das.<\/p>\n","protected":false},"excerpt":{"rendered":"<p>Ha, ich bin doch noch jung. Laut der neuen Shell-Jugendstudie haben junge Erwachsene (zwischen 12 und 25) in Deutschland mehr Angst vor Ausl\u00e4nderfeinden als vor Zuwanderern. Das ist bei mir auch so. Also vor Zuwanderern hab ich \u00fcberhaupt keine Angst,\u00a0aber die steigende Ausl\u00e4nderfeindlichkeit bereitet mir Sorgen. Insofern f\u00fchle ich offiziell wie ein junger (ist es &hellip; <a href=\"https:\/\/www.anders-blog.de\/?p=4222\" class=\"more-link\"><span class=\"screen-reader-text\">Heute Morgen<\/span> weiterlesen<\/a><\/p>\n","protected":false},"author":3,"featured_media":0,"comment_status":"open","ping_status":"open","sticky":false,"template":"","format":"standard","meta":{"footnotes":""},"categories":[1],"tags":[],"class_list":["post-4222","post","type-post","status-publish","format-standard","hentry","category-allgemein"],"_links":{"self":[{"href":"https:\/\/www.anders-blog.de\/index.php?rest_route=\/wp\/v2\/posts\/4222","targetHints":{"allow":["GET"]}}],"collection":[{"href":"https:\/\/www.anders-blog.de\/index.php?rest_route=\/wp\/v2\/posts"}],"about":[{"href":"https:\/\/www.anders-blog.de\/index.php?rest_route=\/wp\/v2\/types\/post"}],"author":[{"embeddable":true,"href":"https:\/\/www.anders-blog.de\/index.php?rest_route=\/wp\/v2\/users\/3"}],"replies":[{"embeddable":true,"href":"https:\/\/www.anders-blog.de\/index.php?rest_route=%2Fwp%2Fv2%2Fcomments&post=4222"}],"version-history":[{"count":6,"href":"https:\/\/www.anders-blog.de\/index.php?rest_route=\/wp\/v2\/posts\/4222\/revisions"}],"predecessor-version":[{"id":4229,"href":"https:\/\/www.anders-blog.de\/index.php?rest_route=\/wp\/v2\/posts\/4222\/revisions\/4229"}],"wp:attachment":[{"href":"https:\/\/www.anders-blog.de\/index.php?rest_route=%2Fwp%2Fv2%2Fmedia&parent=4222"}],"wp:term":[{"taxonomy":"category","embeddable":true,"href":"https:\/\/www.anders-blog.de\/index.php?rest_route=%2Fwp%2Fv2%2Fcategories&post=4222"},{"taxonomy":"post_tag","embeddable":true,"href":"https:\/\/www.anders-blog.de\/index.php?rest_route=%2Fwp%2Fv2%2Ftags&post=4222"}],"curies":[{"name":"wp","href":"https:\/\/api.w.org\/{rel}","templated":true}]}}